{"id":30,"date":"2026-04-29T07:48:07","date_gmt":"2026-04-29T01:48:07","guid":{"rendered":"https:\/\/debajada.com\/?p=30"},"modified":"2026-04-29T07:54:02","modified_gmt":"2026-04-29T01:54:02","slug":"israel-reyes-convocado-a-la-seleccion-nacional","status":"publish","type":"post","link":"https:\/\/debajada.com\/?p=30","title":{"rendered":"Israel Reyes, convocado a la Selecci\u00f3n Nacional"},"content":{"rendered":"<p data-start=\"45\" data-end=\"217\"><strong data-start=\"45\" data-end=\"61\">Israel Reyes<\/strong>\u00a0fue convocado por la\u00a0<strong data-start=\"83\" data-end=\"115\">Selecci\u00f3n Nacional de M\u00e9xico<\/strong>\u00a0para integrarse a la concentraci\u00f3n inicial y a los partidos de preparaci\u00f3n rumbo a la Copa del Mundo.<\/p>\n<p data-start=\"219\" data-end=\"481\">La convocatoria forma parte del proceso previo al torneo internacional y corresponde a una lista preliminar de trabajo. La lista final de jugadores ser\u00e1 anunciada el\u00a0<strong data-start=\"466\" data-end=\"480\">1 de junio<\/strong>.<\/p>\n<p data-start=\"483\" data-end=\"819\">Para el Club Am\u00e9rica, la presencia de Reyes en este llamado refleja el trabajo que el plantel ha venido desarrollando a lo largo del torneo. En los \u00faltimos meses, el equipo dirigido por\u00a0<strong data-start=\"669\" data-end=\"686\">Andr\u00e9 Jardine<\/strong>\u00a0ha sostenido su preparaci\u00f3n en\u00a0<strong data-start=\"718\" data-end=\"727\">Coapa<\/strong>, consolidando una base de jugadores con participaci\u00f3n constante y proyecci\u00f3n internacional.<\/p>\n<p data-start=\"821\" data-end=\"995\">La concentraci\u00f3n con la Selecci\u00f3n representa una oportunidad de seguir compitiendo al m\u00e1ximo nivel y de formar parte del proceso rumbo al m\u00e1ximo escenario del f\u00fatbol mundial.<\/p>\n<p data-start=\"997\" data-end=\"1155\" data-is-last-node=\"\" data-is-only-node=\"\">Para el Am\u00e9rica, este llamado reafirma la presencia de sus jugadores en el \u00e1mbito internacional y el desarrollo continuo del plantel, tanto dentro como fuera del Club.<\/p>\n","protected":false},"excerpt":{"rendered":"<p>Israel Reyes\u00a0fue convocado por la\u00a0Selecci\u00f3n Nacional de M\u00e9xico\u00a0para integrarse a la concentraci\u00f3n inicial y a los partidos de preparaci\u00f3n rumbo&hellip;<\/p>\n","protected":false},"author":2,"featured_media":31,"comment_status":"open","ping_status":"open","sticky":false,"template":"","format":"standard","meta":{"footnotes":""},"categories":[5],"tags":[8,7,6],"class_list":["post-30","post","type-post","status-publish","format-standard","has-post-thumbnail","hentry","category-sofa","tag-cf-america","tag-futbol","tag-sofa"],"_links":{"self":[{"href":"https:\/\/debajada.com\/index.php?rest_route=\/wp\/v2\/posts\/30","targetHints":{"allow":["GET"]}}],"collection":[{"href":"https:\/\/debajada.com\/index.php?rest_route=\/wp\/v2\/posts"}],"about":[{"href":"https:\/\/debajada.com\/index.php?rest_route=\/wp\/v2\/types\/post"}],"author":[{"embeddable":true,"href":"https:\/\/debajada.com\/index.php?rest_route=\/wp\/v2\/users\/2"}],"replies":[{"embeddable":true,"href":"https:\/\/debajada.com\/index.php?rest_route=%2Fwp%2Fv2%2Fcomments&post=30"}],"version-history":[{"count":1,"href":"https:\/\/debajada.com\/index.php?rest_route=\/wp\/v2\/posts\/30\/revisions"}],"predecessor-version":[{"id":32,"href":"https:\/\/debajada.com\/index.php?rest_route=\/wp\/v2\/posts\/30\/revisions\/32"}],"wp:featuredmedia":[{"embeddable":true,"href":"https:\/\/debajada.com\/index.php?rest_route=\/wp\/v2\/media\/31"}],"wp:attachment":[{"href":"https:\/\/debajada.com\/index.php?rest_route=%2Fwp%2Fv2%2Fmedia&parent=30"}],"wp:term":[{"taxonomy":"category","embeddable":true,"href":"https:\/\/debajada.com\/index.php?rest_route=%2Fwp%2Fv2%2Fcategories&post=30"},{"taxonomy":"post_tag","embeddable":true,"href":"https:\/\/debajada.com\/index.php?rest_route=%2Fwp%2Fv2%2Ftags&post=30"}],"curies":[{"name":"wp","href":"https:\/\/api.w.org\/{rel}","templated":true}]}}