{"id":44,"date":"2026-04-29T09:23:12","date_gmt":"2026-04-29T03:23:12","guid":{"rendered":"https:\/\/debajada.com\/?p=44"},"modified":"2026-04-29T09:24:11","modified_gmt":"2026-04-29T03:24:11","slug":"scjn-obliga-al-imss-dotar-de-dispositivos-medicos-a-menores-batres-vota-en-contra","status":"publish","type":"post","link":"https:\/\/debajada.com\/?p=44","title":{"rendered":"SCJN obliga al IMSS dotar de dispositivos m\u00e9dicos a menores: Batres vota en contra"},"content":{"rendered":"<p>La Suprema Corte de Justicia de la Naci\u00f3n (SCJN) declar\u00f3 la inconstitucionalidad, con efectos generales para todas las ni\u00f1as, ni\u00f1os y adolescentes, del art\u00edculo 42, fracci\u00f3n II, del Reglamento de Prestaciones M\u00e9dicas del Instituto Mexicano del Seguro Social (IMSS), que exclu\u00eda de la cobertura del Seguro de Enfermedad y Maternidad y de los servicios m\u00e9dicos, la dotaci\u00f3n de anteojos, lentes de contacto, aparatos auditivos, implantes cocleares, pr\u00f3tesis y \u00f3rtesis externas.<\/p>\n<p>Esta decisi\u00f3n tuvo su origen en un juicio de amparo promovido por los padres de un ni\u00f1o derechohabiente del IMSS con discapacidad auditiva, a quien diversas autoridades del Instituto negaron la posibilidad de acceder a un implante coclear necesario para tratar la hipoacusia bilateral profunda que padec\u00eda, bajo el argumento de que el reglamento exclu\u00eda expresamente esa prestaci\u00f3n.<\/p>\n<p>Ante dicha negativa, la entonces Segunda Sala del M\u00e1ximo Tribunal otorg\u00f3 el amparo para garantizar al ni\u00f1o la atenci\u00f3n m\u00e9dica necesaria y emiti\u00f3 jurisprudencia en la que sostuvo que dicha exclusi\u00f3n reglamentaria resultaba incompatible con los derechos a la protecci\u00f3n de la salud, a la seguridad social y al inter\u00e9s superior de la ni\u00f1ez, reconocidos en el art\u00edculo 4\u00b0 constitucional y en la Convenci\u00f3n sobre los Derechos del Ni\u00f1o. Al resolver, se otorg\u00f3 un plazo constitucional de 90 d\u00edas, pero la norma no fue modificada ni eliminada, por lo que el Pleno inici\u00f3 el procedimiento de declaratoria general de inconstitucionalidad.<\/p>\n<p>Por ello, la SCJN concluy\u00f3 que la invalidez del precepto deb\u00eda extenderse m\u00e1s all\u00e1 del caso concreto para beneficiar a todas las ni\u00f1as, ni\u00f1os y adolescentes derechohabientes en situaci\u00f3n similar, ya que ninguna norma reglamentaria puede impedir de forma generalizada el acceso a insumos m\u00e9dicos esenciales para atender la discapacidad.<\/p>\n<p><i>Declaratoria General de Inconstitucionalidad 13\/2025. Resuelta en sesi\u00f3n de Pleno el 28 de abril de 2026.<\/i><\/p>\n","protected":false},"excerpt":{"rendered":"<p>La Suprema Corte de Justicia de la Naci\u00f3n (SCJN) declar\u00f3 la inconstitucionalidad, con efectos generales para todas las ni\u00f1as, ni\u00f1os&hellip;<\/p>\n","protected":false},"author":2,"featured_media":45,"comment_status":"open","ping_status":"open","sticky":false,"template":"","format":"standard","meta":{"footnotes":""},"categories":[14],"tags":[25,23,26,24,22],"class_list":["post-44","post","type-post","status-publish","format-standard","has-post-thumbnail","hentry","category-chismecitomx","tag-discapacidad","tag-imss","tag-lenia-batres","tag-menores","tag-scjn"],"_links":{"self":[{"href":"https:\/\/debajada.com\/index.php?rest_route=\/wp\/v2\/posts\/44","targetHints":{"allow":["GET"]}}],"collection":[{"href":"https:\/\/debajada.com\/index.php?rest_route=\/wp\/v2\/posts"}],"about":[{"href":"https:\/\/debajada.com\/index.php?rest_route=\/wp\/v2\/types\/post"}],"author":[{"embeddable":true,"href":"https:\/\/debajada.com\/index.php?rest_route=\/wp\/v2\/users\/2"}],"replies":[{"embeddable":true,"href":"https:\/\/debajada.com\/index.php?rest_route=%2Fwp%2Fv2%2Fcomments&post=44"}],"version-history":[{"count":1,"href":"https:\/\/debajada.com\/index.php?rest_route=\/wp\/v2\/posts\/44\/revisions"}],"predecessor-version":[{"id":46,"href":"https:\/\/debajada.com\/index.php?rest_route=\/wp\/v2\/posts\/44\/revisions\/46"}],"wp:featuredmedia":[{"embeddable":true,"href":"https:\/\/debajada.com\/index.php?rest_route=\/wp\/v2\/media\/45"}],"wp:attachment":[{"href":"https:\/\/debajada.com\/index.php?rest_route=%2Fwp%2Fv2%2Fmedia&parent=44"}],"wp:term":[{"taxonomy":"category","embeddable":true,"href":"https:\/\/debajada.com\/index.php?rest_route=%2Fwp%2Fv2%2Fcategories&post=44"},{"taxonomy":"post_tag","embeddable":true,"href":"https:\/\/debajada.com\/index.php?rest_route=%2Fwp%2Fv2%2Ftags&post=44"}],"curies":[{"name":"wp","href":"https:\/\/api.w.org\/{rel}","templated":true}]}}